{"id":135679,"date":"2025-06-11T08:16:47","date_gmt":"2025-06-11T08:16:47","guid":{"rendered":"https:\/\/www.museos.com\/?p=135679"},"modified":"2025-06-12T10:27:49","modified_gmt":"2025-06-12T10:27:49","slug":"jaume-plensa-madrid","status":"publish","type":"post","link":"https:\/\/www.museos.com\/de\/blog\/jaume-plensa-madrid\/","title":{"rendered":"Jaume Plensa Madrid"},"content":{"rendered":"\n<p>Ausstellung &#8222;Jaume Plensa. Innere Materie&#8220; in der Fundaci\u00f3n Telef\u00f3nica. Noch bis 7. September 2025.<\/p>\n","protected":false},"excerpt":{"rendered":"<p>Ausstellung &#8222;Jaume Plensa. Innere Materie&#8220; in der Fundaci\u00f3n Telef\u00f3nica. Noch bis 7. September 2025.<\/p>\n","protected":false},"author":10,"featured_media":135788,"comment_status":"open","ping_status":"open","sticky":false,"template":"","format":"standard","meta":{"_acf_changed":false,"footnotes":""},"categories":[25,97,26],"tags":[],"class_list":["post-135679","post","type-post","status-publish","format-standard","has-post-thumbnail","hentry","category-ausstellungen","category-madrid","category-tipps"],"acf":[],"yoast_head":"<!-- This site is optimized with the Yoast SEO plugin v27.1.1 - https:\/\/yoast.com\/product\/yoast-seo-wordpress\/ -->\n<title>Ausstellung von Jaume Plensa in Madrid! Bis September 2025<\/title>\n<meta name=\"description\" content=\"&quot;Jaume Plensa. Innere Materie&quot; hei\u00dft die Ausstellung die ihr noch bis zum 7. September 2025 im Espacio Fundaci\u00f3n Telef\u00f3nica besuchen k\u00f6nnt.\" \/>\n<meta name=\"robots\" content=\"index, follow, max-snippet:-1, max-image-preview:large, max-video-preview:-1\" \/>\n<link rel=\"canonical\" href=\"https:\/\/www.museos.com\/de\/blog\/jaume-plensa-madrid\/\" \/>\n<meta property=\"og:locale\" content=\"de_DE\" \/>\n<meta property=\"og:type\" content=\"article\" \/>\n<meta property=\"og:title\" content=\"Ausstellung von Jaume Plensa in Madrid! Bis September 2025\" \/>\n<meta property=\"og:description\" content=\"&quot;Jaume Plensa. Innere Materie&quot; hei\u00dft die Ausstellung die ihr noch bis zum 7. September 2025 im Espacio Fundaci\u00f3n Telef\u00f3nica besuchen k\u00f6nnt.\" \/>\n<meta property=\"og:url\" content=\"https:\/\/www.museos.com\/de\/blog\/jaume-plensa-madrid\/\" \/>\n<meta property=\"og:site_name\" content=\"museos\" \/>\n<meta property=\"article:published_time\" content=\"2025-06-11T08:16:47+00:00\" \/>\n<meta property=\"article:modified_time\" content=\"2025-06-12T10:27:49+00:00\" \/>\n<meta property=\"og:image\" content=\"https:\/\/www.museos.com\/wp-content\/uploads\/2025\/05\/Telefonica-Madrid-Plensa-Ausstellung-3.jpg\" \/>\n\t<meta property=\"og:image:width\" content=\"1500\" \/>\n\t<meta property=\"og:image:height\" content=\"952\" \/>\n\t<meta property=\"og:image:type\" content=\"image\/jpeg\" \/>\n<meta name=\"author\" content=\"Katharina\" \/>\n<meta name=\"twitter:card\" content=\"summary_large_image\" \/>\n<meta name=\"twitter:label1\" content=\"Verfasst von\" \/>\n\t<meta name=\"twitter:data1\" content=\"Katharina\" \/>\n\t<meta name=\"twitter:label2\" content=\"Gesch\u00e4tzte Lesezeit\" \/>\n\t<meta name=\"twitter:data2\" content=\"1\u00a0Minute\" \/>\n<script type=\"application\/ld+json\" class=\"yoast-schema-graph\">{\"@context\":\"https:\/\/schema.org\",\"@graph\":[{\"@type\":\"Article\",\"@id\":\"https:\/\/www.museos.com\/de\/blog\/jaume-plensa-madrid\/#article\",\"isPartOf\":{\"@id\":\"https:\/\/www.museos.com\/de\/blog\/jaume-plensa-madrid\/\"},\"author\":{\"name\":\"Katharina\",\"@id\":\"https:\/\/www.museos.com\/de\/#\/schema\/person\/b55585e56f132c51d9124b6c1d0fe3e8\"},\"headline\":\"Jaume Plensa Madrid\",\"datePublished\":\"2025-06-11T08:16:47+00:00\",\"dateModified\":\"2025-06-12T10:27:49+00:00\",\"mainEntityOfPage\":{\"@id\":\"https:\/\/www.museos.com\/de\/blog\/jaume-plensa-madrid\/\"},\"wordCount\":17,\"commentCount\":0,\"publisher\":{\"@id\":\"https:\/\/www.museos.com\/de\/#organization\"},\"image\":{\"@id\":\"https:\/\/www.museos.com\/de\/blog\/jaume-plensa-madrid\/#primaryimage\"},\"thumbnailUrl\":\"https:\/\/www.museos.com\/wp-content\/uploads\/2025\/05\/Telefonica-Madrid-Plensa-Ausstellung-3.jpg\",\"articleSection\":[\"Ausstellungen\",\"Madrid\",\"Tipps\"],\"inLanguage\":\"de\",\"potentialAction\":[{\"@type\":\"CommentAction\",\"name\":\"Comment\",\"target\":[\"https:\/\/www.museos.com\/de\/blog\/jaume-plensa-madrid\/#respond\"]}]},{\"@type\":\"WebPage\",\"@id\":\"https:\/\/www.museos.com\/de\/blog\/jaume-plensa-madrid\/\",\"url\":\"https:\/\/www.museos.com\/de\/blog\/jaume-plensa-madrid\/\",\"name\":\"Ausstellung von Jaume Plensa in Madrid! Bis September 2025\",\"isPartOf\":{\"@id\":\"https:\/\/www.museos.com\/de\/#website\"},\"primaryImageOfPage\":{\"@id\":\"https:\/\/www.museos.com\/de\/blog\/jaume-plensa-madrid\/#primaryimage\"},\"image\":{\"@id\":\"https:\/\/www.museos.com\/de\/blog\/jaume-plensa-madrid\/#primaryimage\"},\"thumbnailUrl\":\"https:\/\/www.museos.com\/wp-content\/uploads\/2025\/05\/Telefonica-Madrid-Plensa-Ausstellung-3.jpg\",\"datePublished\":\"2025-06-11T08:16:47+00:00\",\"dateModified\":\"2025-06-12T10:27:49+00:00\",\"description\":\"\\\"Jaume Plensa. Innere Materie\\\" hei\u00dft die Ausstellung die ihr noch bis zum 7. September 2025 im Espacio Fundaci\u00f3n Telef\u00f3nica besuchen k\u00f6nnt.\",\"breadcrumb\":{\"@id\":\"https:\/\/www.museos.com\/de\/blog\/jaume-plensa-madrid\/#breadcrumb\"},\"inLanguage\":\"de\",\"potentialAction\":[{\"@type\":\"ReadAction\",\"target\":[\"https:\/\/www.museos.com\/de\/blog\/jaume-plensa-madrid\/\"]}]},{\"@type\":\"ImageObject\",\"inLanguage\":\"de\",\"@id\":\"https:\/\/www.museos.com\/de\/blog\/jaume-plensa-madrid\/#primaryimage\",\"url\":\"https:\/\/www.museos.com\/wp-content\/uploads\/2025\/05\/Telefonica-Madrid-Plensa-Ausstellung-3.jpg\",\"contentUrl\":\"https:\/\/www.museos.com\/wp-content\/uploads\/2025\/05\/Telefonica-Madrid-Plensa-Ausstellung-3.jpg\",\"width\":1500,\"height\":952,\"caption\":\"Telefonica Madrid: Ausstellung Jaume Plensa: Invisibles, 2016\"},{\"@type\":\"BreadcrumbList\",\"@id\":\"https:\/\/www.museos.com\/de\/blog\/jaume-plensa-madrid\/#breadcrumb\",\"itemListElement\":[{\"@type\":\"ListItem\",\"position\":1,\"name\":\"Home\",\"item\":\"https:\/\/www.museos.com\/de\/\"},{\"@type\":\"ListItem\",\"position\":2,\"name\":\"Jaume Plensa Madrid\"}]},{\"@type\":\"WebSite\",\"@id\":\"https:\/\/www.museos.com\/de\/#website\",\"url\":\"https:\/\/www.museos.com\/de\/\",\"name\":\"museos\",\"description\":\"Just another WordPress site\",\"publisher\":{\"@id\":\"https:\/\/www.museos.com\/de\/#organization\"},\"potentialAction\":[{\"@type\":\"SearchAction\",\"target\":{\"@type\":\"EntryPoint\",\"urlTemplate\":\"https:\/\/www.museos.com\/de\/?s={search_term_string}\"},\"query-input\":{\"@type\":\"PropertyValueSpecification\",\"valueRequired\":true,\"valueName\":\"search_term_string\"}}],\"inLanguage\":\"de\"},{\"@type\":\"Organization\",\"@id\":\"https:\/\/www.museos.com\/de\/#organization\",\"name\":\"Museos\",\"url\":\"https:\/\/www.museos.com\/de\/\",\"logo\":{\"@type\":\"ImageObject\",\"inLanguage\":\"de\",\"@id\":\"https:\/\/www.museos.com\/de\/#\/schema\/logo\/image\/\",\"url\":\"https:\/\/www.museos.com\/wp-content\/uploads\/2024\/10\/android-chrome-696x696-1.png\",\"contentUrl\":\"https:\/\/www.museos.com\/wp-content\/uploads\/2024\/10\/android-chrome-696x696-1.png\",\"width\":696,\"height\":696,\"caption\":\"Museos\"},\"image\":{\"@id\":\"https:\/\/www.museos.com\/de\/#\/schema\/logo\/image\/\"}},{\"@type\":\"Person\",\"@id\":\"https:\/\/www.museos.com\/de\/#\/schema\/person\/b55585e56f132c51d9124b6c1d0fe3e8\",\"name\":\"Katharina\",\"image\":{\"@type\":\"ImageObject\",\"inLanguage\":\"de\",\"@id\":\"https:\/\/www.museos.com\/de\/#\/schema\/person\/image\/\",\"url\":\"https:\/\/secure.gravatar.com\/avatar\/6336b0be492cee223dbeb64eb9db175b93125529934761ef8a03375e2f471426?s=96&r=g\",\"contentUrl\":\"https:\/\/secure.gravatar.com\/avatar\/6336b0be492cee223dbeb64eb9db175b93125529934761ef8a03375e2f471426?s=96&r=g\",\"caption\":\"Katharina\"}}]}<\/script>\n<!-- \/ Yoast SEO plugin. -->","yoast_head_json":{"title":"Ausstellung von Jaume Plensa in Madrid! Bis September 2025","description":"\"Jaume Plensa. Innere Materie\" hei\u00dft die Ausstellung die ihr noch bis zum 7. September 2025 im Espacio Fundaci\u00f3n Telef\u00f3nica besuchen k\u00f6nnt.","robots":{"index":"index","follow":"follow","max-snippet":"max-snippet:-1","max-image-preview":"max-image-preview:large","max-video-preview":"max-video-preview:-1"},"canonical":"https:\/\/www.museos.com\/de\/blog\/jaume-plensa-madrid\/","og_locale":"de_DE","og_type":"article","og_title":"Ausstellung von Jaume Plensa in Madrid! Bis September 2025","og_description":"\"Jaume Plensa. Innere Materie\" hei\u00dft die Ausstellung die ihr noch bis zum 7. September 2025 im Espacio Fundaci\u00f3n Telef\u00f3nica besuchen k\u00f6nnt.","og_url":"https:\/\/www.museos.com\/de\/blog\/jaume-plensa-madrid\/","og_site_name":"museos","article_published_time":"2025-06-11T08:16:47+00:00","article_modified_time":"2025-06-12T10:27:49+00:00","og_image":[{"width":1500,"height":952,"url":"https:\/\/www.museos.com\/wp-content\/uploads\/2025\/05\/Telefonica-Madrid-Plensa-Ausstellung-3.jpg","type":"image\/jpeg"}],"author":"Katharina","twitter_card":"summary_large_image","twitter_misc":{"Verfasst von":"Katharina","Gesch\u00e4tzte Lesezeit":"1\u00a0Minute"},"schema":{"@context":"https:\/\/schema.org","@graph":[{"@type":"Article","@id":"https:\/\/www.museos.com\/de\/blog\/jaume-plensa-madrid\/#article","isPartOf":{"@id":"https:\/\/www.museos.com\/de\/blog\/jaume-plensa-madrid\/"},"author":{"name":"Katharina","@id":"https:\/\/www.museos.com\/de\/#\/schema\/person\/b55585e56f132c51d9124b6c1d0fe3e8"},"headline":"Jaume Plensa Madrid","datePublished":"2025-06-11T08:16:47+00:00","dateModified":"2025-06-12T10:27:49+00:00","mainEntityOfPage":{"@id":"https:\/\/www.museos.com\/de\/blog\/jaume-plensa-madrid\/"},"wordCount":17,"commentCount":0,"publisher":{"@id":"https:\/\/www.museos.com\/de\/#organization"},"image":{"@id":"https:\/\/www.museos.com\/de\/blog\/jaume-plensa-madrid\/#primaryimage"},"thumbnailUrl":"https:\/\/www.museos.com\/wp-content\/uploads\/2025\/05\/Telefonica-Madrid-Plensa-Ausstellung-3.jpg","articleSection":["Ausstellungen","Madrid","Tipps"],"inLanguage":"de","potentialAction":[{"@type":"CommentAction","name":"Comment","target":["https:\/\/www.museos.com\/de\/blog\/jaume-plensa-madrid\/#respond"]}]},{"@type":"WebPage","@id":"https:\/\/www.museos.com\/de\/blog\/jaume-plensa-madrid\/","url":"https:\/\/www.museos.com\/de\/blog\/jaume-plensa-madrid\/","name":"Ausstellung von Jaume Plensa in Madrid! Bis September 2025","isPartOf":{"@id":"https:\/\/www.museos.com\/de\/#website"},"primaryImageOfPage":{"@id":"https:\/\/www.museos.com\/de\/blog\/jaume-plensa-madrid\/#primaryimage"},"image":{"@id":"https:\/\/www.museos.com\/de\/blog\/jaume-plensa-madrid\/#primaryimage"},"thumbnailUrl":"https:\/\/www.museos.com\/wp-content\/uploads\/2025\/05\/Telefonica-Madrid-Plensa-Ausstellung-3.jpg","datePublished":"2025-06-11T08:16:47+00:00","dateModified":"2025-06-12T10:27:49+00:00","description":"\"Jaume Plensa. Innere Materie\" hei\u00dft die Ausstellung die ihr noch bis zum 7. September 2025 im Espacio Fundaci\u00f3n Telef\u00f3nica besuchen k\u00f6nnt.","breadcrumb":{"@id":"https:\/\/www.museos.com\/de\/blog\/jaume-plensa-madrid\/#breadcrumb"},"inLanguage":"de","potentialAction":[{"@type":"ReadAction","target":["https:\/\/www.museos.com\/de\/blog\/jaume-plensa-madrid\/"]}]},{"@type":"ImageObject","inLanguage":"de","@id":"https:\/\/www.museos.com\/de\/blog\/jaume-plensa-madrid\/#primaryimage","url":"https:\/\/www.museos.com\/wp-content\/uploads\/2025\/05\/Telefonica-Madrid-Plensa-Ausstellung-3.jpg","contentUrl":"https:\/\/www.museos.com\/wp-content\/uploads\/2025\/05\/Telefonica-Madrid-Plensa-Ausstellung-3.jpg","width":1500,"height":952,"caption":"Telefonica Madrid: Ausstellung Jaume Plensa: Invisibles, 2016"},{"@type":"BreadcrumbList","@id":"https:\/\/www.museos.com\/de\/blog\/jaume-plensa-madrid\/#breadcrumb","itemListElement":[{"@type":"ListItem","position":1,"name":"Home","item":"https:\/\/www.museos.com\/de\/"},{"@type":"ListItem","position":2,"name":"Jaume Plensa Madrid"}]},{"@type":"WebSite","@id":"https:\/\/www.museos.com\/de\/#website","url":"https:\/\/www.museos.com\/de\/","name":"museos","description":"Just another WordPress site","publisher":{"@id":"https:\/\/www.museos.com\/de\/#organization"},"potentialAction":[{"@type":"SearchAction","target":{"@type":"EntryPoint","urlTemplate":"https:\/\/www.museos.com\/de\/?s={search_term_string}"},"query-input":{"@type":"PropertyValueSpecification","valueRequired":true,"valueName":"search_term_string"}}],"inLanguage":"de"},{"@type":"Organization","@id":"https:\/\/www.museos.com\/de\/#organization","name":"Museos","url":"https:\/\/www.museos.com\/de\/","logo":{"@type":"ImageObject","inLanguage":"de","@id":"https:\/\/www.museos.com\/de\/#\/schema\/logo\/image\/","url":"https:\/\/www.museos.com\/wp-content\/uploads\/2024\/10\/android-chrome-696x696-1.png","contentUrl":"https:\/\/www.museos.com\/wp-content\/uploads\/2024\/10\/android-chrome-696x696-1.png","width":696,"height":696,"caption":"Museos"},"image":{"@id":"https:\/\/www.museos.com\/de\/#\/schema\/logo\/image\/"}},{"@type":"Person","@id":"https:\/\/www.museos.com\/de\/#\/schema\/person\/b55585e56f132c51d9124b6c1d0fe3e8","name":"Katharina","image":{"@type":"ImageObject","inLanguage":"de","@id":"https:\/\/www.museos.com\/de\/#\/schema\/person\/image\/","url":"https:\/\/secure.gravatar.com\/avatar\/6336b0be492cee223dbeb64eb9db175b93125529934761ef8a03375e2f471426?s=96&r=g","contentUrl":"https:\/\/secure.gravatar.com\/avatar\/6336b0be492cee223dbeb64eb9db175b93125529934761ef8a03375e2f471426?s=96&r=g","caption":"Katharina"}}]}},"_links":{"self":[{"href":"https:\/\/www.museos.com\/de\/wp-json\/wp\/v2\/posts\/135679","targetHints":{"allow":["GET"]}}],"collection":[{"href":"https:\/\/www.museos.com\/de\/wp-json\/wp\/v2\/posts"}],"about":[{"href":"https:\/\/www.museos.com\/de\/wp-json\/wp\/v2\/types\/post"}],"author":[{"embeddable":true,"href":"https:\/\/www.museos.com\/de\/wp-json\/wp\/v2\/users\/10"}],"replies":[{"embeddable":true,"href":"https:\/\/www.museos.com\/de\/wp-json\/wp\/v2\/comments?post=135679"}],"version-history":[{"count":8,"href":"https:\/\/www.museos.com\/de\/wp-json\/wp\/v2\/posts\/135679\/revisions"}],"predecessor-version":[{"id":137139,"href":"https:\/\/www.museos.com\/de\/wp-json\/wp\/v2\/posts\/135679\/revisions\/137139"}],"wp:featuredmedia":[{"embeddable":true,"href":"https:\/\/www.museos.com\/de\/wp-json\/wp\/v2\/media\/135788"}],"wp:attachment":[{"href":"https:\/\/www.museos.com\/de\/wp-json\/wp\/v2\/media?parent=135679"}],"wp:term":[{"taxonomy":"category","embeddable":true,"href":"https:\/\/www.museos.com\/de\/wp-json\/wp\/v2\/categories?post=135679"},{"taxonomy":"post_tag","embeddable":true,"href":"https:\/\/www.museos.com\/de\/wp-json\/wp\/v2\/tags?post=135679"}],"curies":[{"name":"wp","href":"https:\/\/api.w.org\/{rel}","templated":true}]}}