{"id":87606,"date":"2023-04-17T13:33:58","date_gmt":"2023-04-17T13:33:58","guid":{"rendered":"https:\/\/www.museos.com\/?p=87606"},"modified":"2023-04-17T13:37:47","modified_gmt":"2023-04-17T13:37:47","slug":"manet-degas-musee-orsay","status":"publish","type":"post","link":"https:\/\/www.museos.com\/de\/blog\/manet-degas-musee-orsay\/","title":{"rendered":"Mus\u00e9e d&#8217;Orsay: Manet \/ Degas"},"content":{"rendered":"\n<p>Noch bis zum 23. Juli 2023 kann man die beiden K\u00fcnstler im Dialog im Mus\u00e9e d'Orsay sehen.<\/p>\n","protected":false},"excerpt":{"rendered":"<p>Noch bis zum 23. Juli 2023 kann man die beiden K\u00fcnstler im Dialog im Mus\u00e9e d&#8217;Orsay sehen.<\/p>\n","protected":false},"author":7,"featured_media":87558,"comment_status":"open","ping_status":"open","sticky":false,"template":"","format":"standard","meta":{"_acf_changed":false,"footnotes":""},"categories":[25,32,43,26],"tags":[],"class_list":["post-87606","post","type-post","status-publish","format-standard","has-post-thumbnail","hentry","category-ausstellungen","category-museos","category-paris-2","category-tipps"],"acf":[],"yoast_head":"<!-- This site is optimized with the Yoast SEO plugin v27.1.1 - https:\/\/yoast.com\/product\/yoast-seo-wordpress\/ -->\n<title>Manet \/ Degas im Mus\u00e9e d&#039;Orsay Paris: Infos &amp; Tickets 2023<\/title>\n<meta name=\"description\" content=\"Das Mus\u00e9e d\u2018Orsay zeigt bis zum 23. Juli 2023 die beiden K\u00fcnstler in einer interessanten Ausstellung. Was vereint &amp; was unterscheidet sie?\" \/>\n<meta name=\"robots\" content=\"index, follow, max-snippet:-1, max-image-preview:large, max-video-preview:-1\" \/>\n<link rel=\"canonical\" href=\"https:\/\/www.museos.com\/de\/blog\/manet-degas-musee-orsay\/\" \/>\n<meta property=\"og:locale\" content=\"de_DE\" \/>\n<meta property=\"og:type\" content=\"article\" \/>\n<meta property=\"og:title\" content=\"Manet \/ Degas im Mus\u00e9e d&#039;Orsay Paris: Infos &amp; Tickets 2023\" \/>\n<meta property=\"og:description\" content=\"Das Mus\u00e9e d\u2018Orsay zeigt bis zum 23. Juli 2023 die beiden K\u00fcnstler in einer interessanten Ausstellung. Was vereint &amp; was unterscheidet sie?\" \/>\n<meta property=\"og:url\" content=\"https:\/\/www.museos.com\/de\/blog\/manet-degas-musee-orsay\/\" \/>\n<meta property=\"og:site_name\" content=\"museos\" \/>\n<meta property=\"article:published_time\" content=\"2023-04-17T13:33:58+00:00\" \/>\n<meta property=\"article:modified_time\" content=\"2023-04-17T13:37:47+00:00\" \/>\n<meta property=\"og:image\" content=\"https:\/\/www.museos.com\/wp-content\/uploads\/2023\/04\/Manet-Degas-Orsay-9.jpg\" \/>\n\t<meta property=\"og:image:width\" content=\"1400\" \/>\n\t<meta property=\"og:image:height\" content=\"880\" \/>\n\t<meta property=\"og:image:type\" content=\"image\/jpeg\" \/>\n<meta name=\"author\" content=\"Jacqueline\" \/>\n<meta name=\"twitter:card\" content=\"summary_large_image\" \/>\n<meta name=\"twitter:label1\" content=\"Verfasst von\" \/>\n\t<meta name=\"twitter:data1\" content=\"Jacqueline\" \/>\n\t<meta name=\"twitter:label2\" content=\"Gesch\u00e4tzte Lesezeit\" \/>\n\t<meta name=\"twitter:data2\" content=\"1\u00a0Minute\" \/>\n<script type=\"application\/ld+json\" class=\"yoast-schema-graph\">{\"@context\":\"https:\/\/schema.org\",\"@graph\":[{\"@type\":\"Article\",\"@id\":\"https:\/\/www.museos.com\/de\/blog\/manet-degas-musee-orsay\/#article\",\"isPartOf\":{\"@id\":\"https:\/\/www.museos.com\/de\/blog\/manet-degas-musee-orsay\/\"},\"author\":{\"name\":\"Jacqueline\",\"@id\":\"https:\/\/www.museos.com\/de\/#\/schema\/person\/530fe27b98e64aaa38a4d008a507ebfb\"},\"headline\":\"Mus\u00e9e d&#8217;Orsay: Manet \/ Degas\",\"datePublished\":\"2023-04-17T13:33:58+00:00\",\"dateModified\":\"2023-04-17T13:37:47+00:00\",\"mainEntityOfPage\":{\"@id\":\"https:\/\/www.museos.com\/de\/blog\/manet-degas-musee-orsay\/\"},\"wordCount\":24,\"commentCount\":0,\"publisher\":{\"@id\":\"https:\/\/www.museos.com\/de\/#organization\"},\"image\":{\"@id\":\"https:\/\/www.museos.com\/de\/blog\/manet-degas-musee-orsay\/#primaryimage\"},\"thumbnailUrl\":\"https:\/\/www.museos.com\/wp-content\/uploads\/2023\/04\/Manet-Degas-Orsay-9.jpg\",\"articleSection\":[\"Ausstellungen\",\"Museos\",\"Paris\",\"Tipps\"],\"inLanguage\":\"de\",\"potentialAction\":[{\"@type\":\"CommentAction\",\"name\":\"Comment\",\"target\":[\"https:\/\/www.museos.com\/de\/blog\/manet-degas-musee-orsay\/#respond\"]}]},{\"@type\":\"WebPage\",\"@id\":\"https:\/\/www.museos.com\/de\/blog\/manet-degas-musee-orsay\/\",\"url\":\"https:\/\/www.museos.com\/de\/blog\/manet-degas-musee-orsay\/\",\"name\":\"Manet \/ Degas im Mus\u00e9e d'Orsay Paris: Infos & Tickets 2023\",\"isPartOf\":{\"@id\":\"https:\/\/www.museos.com\/de\/#website\"},\"primaryImageOfPage\":{\"@id\":\"https:\/\/www.museos.com\/de\/blog\/manet-degas-musee-orsay\/#primaryimage\"},\"image\":{\"@id\":\"https:\/\/www.museos.com\/de\/blog\/manet-degas-musee-orsay\/#primaryimage\"},\"thumbnailUrl\":\"https:\/\/www.museos.com\/wp-content\/uploads\/2023\/04\/Manet-Degas-Orsay-9.jpg\",\"datePublished\":\"2023-04-17T13:33:58+00:00\",\"dateModified\":\"2023-04-17T13:37:47+00:00\",\"description\":\"Das Mus\u00e9e d\u2018Orsay zeigt bis zum 23. Juli 2023 die beiden K\u00fcnstler in einer interessanten Ausstellung. Was vereint & was unterscheidet sie?\",\"breadcrumb\":{\"@id\":\"https:\/\/www.museos.com\/de\/blog\/manet-degas-musee-orsay\/#breadcrumb\"},\"inLanguage\":\"de\",\"potentialAction\":[{\"@type\":\"ReadAction\",\"target\":[\"https:\/\/www.museos.com\/de\/blog\/manet-degas-musee-orsay\/\"]}]},{\"@type\":\"ImageObject\",\"inLanguage\":\"de\",\"@id\":\"https:\/\/www.museos.com\/de\/blog\/manet-degas-musee-orsay\/#primaryimage\",\"url\":\"https:\/\/www.museos.com\/wp-content\/uploads\/2023\/04\/Manet-Degas-Orsay-9.jpg\",\"contentUrl\":\"https:\/\/www.museos.com\/wp-content\/uploads\/2023\/04\/Manet-Degas-Orsay-9.jpg\",\"width\":1400,\"height\":880,\"caption\":\"Links: \u00c9douard Manet, Le Balcon, 1868-1869, \u00d6l auf Leinwand, 170 \u00d7 125 cm Mus\u00e9e d\u2019Orsay, Paris Rechts: \u00c9douard Manet, Jeanne Duval, Baudelaire's Mistress, Reclining (Lady with a Fan), 1862, \u00d6l auf Leinwand, 90 x 113 cm, Sz\u00e9pm\u0171v\u00e9szeti M\u00fazeum, Budapest\"},{\"@type\":\"BreadcrumbList\",\"@id\":\"https:\/\/www.museos.com\/de\/blog\/manet-degas-musee-orsay\/#breadcrumb\",\"itemListElement\":[{\"@type\":\"ListItem\",\"position\":1,\"name\":\"Home\",\"item\":\"https:\/\/www.museos.com\/de\/\"},{\"@type\":\"ListItem\",\"position\":2,\"name\":\"Mus\u00e9e d'Orsay: Manet \/ Degas\"}]},{\"@type\":\"WebSite\",\"@id\":\"https:\/\/www.museos.com\/de\/#website\",\"url\":\"https:\/\/www.museos.com\/de\/\",\"name\":\"museos\",\"description\":\"Just another WordPress site\",\"publisher\":{\"@id\":\"https:\/\/www.museos.com\/de\/#organization\"},\"potentialAction\":[{\"@type\":\"SearchAction\",\"target\":{\"@type\":\"EntryPoint\",\"urlTemplate\":\"https:\/\/www.museos.com\/de\/?s={search_term_string}\"},\"query-input\":{\"@type\":\"PropertyValueSpecification\",\"valueRequired\":true,\"valueName\":\"search_term_string\"}}],\"inLanguage\":\"de\"},{\"@type\":\"Organization\",\"@id\":\"https:\/\/www.museos.com\/de\/#organization\",\"name\":\"Museos\",\"url\":\"https:\/\/www.museos.com\/de\/\",\"logo\":{\"@type\":\"ImageObject\",\"inLanguage\":\"de\",\"@id\":\"https:\/\/www.museos.com\/de\/#\/schema\/logo\/image\/\",\"url\":\"https:\/\/www.museos.com\/wp-content\/uploads\/2024\/10\/android-chrome-696x696-1.png\",\"contentUrl\":\"https:\/\/www.museos.com\/wp-content\/uploads\/2024\/10\/android-chrome-696x696-1.png\",\"width\":696,\"height\":696,\"caption\":\"Museos\"},\"image\":{\"@id\":\"https:\/\/www.museos.com\/de\/#\/schema\/logo\/image\/\"}},{\"@type\":\"Person\",\"@id\":\"https:\/\/www.museos.com\/de\/#\/schema\/person\/530fe27b98e64aaa38a4d008a507ebfb\",\"name\":\"Jacqueline\",\"image\":{\"@type\":\"ImageObject\",\"inLanguage\":\"de\",\"@id\":\"https:\/\/www.museos.com\/de\/#\/schema\/person\/image\/\",\"url\":\"https:\/\/secure.gravatar.com\/avatar\/d03d1f9a4590dd4938661548abcc415183b3432c711cb73cfff02cba9ac035e7?s=96&r=g\",\"contentUrl\":\"https:\/\/secure.gravatar.com\/avatar\/d03d1f9a4590dd4938661548abcc415183b3432c711cb73cfff02cba9ac035e7?s=96&r=g\",\"caption\":\"Jacqueline\"}}]}<\/script>\n<!-- \/ Yoast SEO plugin. -->","yoast_head_json":{"title":"Manet \/ Degas im Mus\u00e9e d'Orsay Paris: Infos & Tickets 2023","description":"Das Mus\u00e9e d\u2018Orsay zeigt bis zum 23. Juli 2023 die beiden K\u00fcnstler in einer interessanten Ausstellung. Was vereint & was unterscheidet sie?","robots":{"index":"index","follow":"follow","max-snippet":"max-snippet:-1","max-image-preview":"max-image-preview:large","max-video-preview":"max-video-preview:-1"},"canonical":"https:\/\/www.museos.com\/de\/blog\/manet-degas-musee-orsay\/","og_locale":"de_DE","og_type":"article","og_title":"Manet \/ Degas im Mus\u00e9e d'Orsay Paris: Infos & Tickets 2023","og_description":"Das Mus\u00e9e d\u2018Orsay zeigt bis zum 23. Juli 2023 die beiden K\u00fcnstler in einer interessanten Ausstellung. Was vereint & was unterscheidet sie?","og_url":"https:\/\/www.museos.com\/de\/blog\/manet-degas-musee-orsay\/","og_site_name":"museos","article_published_time":"2023-04-17T13:33:58+00:00","article_modified_time":"2023-04-17T13:37:47+00:00","og_image":[{"width":1400,"height":880,"url":"https:\/\/www.museos.com\/wp-content\/uploads\/2023\/04\/Manet-Degas-Orsay-9.jpg","type":"image\/jpeg"}],"author":"Jacqueline","twitter_card":"summary_large_image","twitter_misc":{"Verfasst von":"Jacqueline","Gesch\u00e4tzte Lesezeit":"1\u00a0Minute"},"schema":{"@context":"https:\/\/schema.org","@graph":[{"@type":"Article","@id":"https:\/\/www.museos.com\/de\/blog\/manet-degas-musee-orsay\/#article","isPartOf":{"@id":"https:\/\/www.museos.com\/de\/blog\/manet-degas-musee-orsay\/"},"author":{"name":"Jacqueline","@id":"https:\/\/www.museos.com\/de\/#\/schema\/person\/530fe27b98e64aaa38a4d008a507ebfb"},"headline":"Mus\u00e9e d&#8217;Orsay: Manet \/ Degas","datePublished":"2023-04-17T13:33:58+00:00","dateModified":"2023-04-17T13:37:47+00:00","mainEntityOfPage":{"@id":"https:\/\/www.museos.com\/de\/blog\/manet-degas-musee-orsay\/"},"wordCount":24,"commentCount":0,"publisher":{"@id":"https:\/\/www.museos.com\/de\/#organization"},"image":{"@id":"https:\/\/www.museos.com\/de\/blog\/manet-degas-musee-orsay\/#primaryimage"},"thumbnailUrl":"https:\/\/www.museos.com\/wp-content\/uploads\/2023\/04\/Manet-Degas-Orsay-9.jpg","articleSection":["Ausstellungen","Museos","Paris","Tipps"],"inLanguage":"de","potentialAction":[{"@type":"CommentAction","name":"Comment","target":["https:\/\/www.museos.com\/de\/blog\/manet-degas-musee-orsay\/#respond"]}]},{"@type":"WebPage","@id":"https:\/\/www.museos.com\/de\/blog\/manet-degas-musee-orsay\/","url":"https:\/\/www.museos.com\/de\/blog\/manet-degas-musee-orsay\/","name":"Manet \/ Degas im Mus\u00e9e d'Orsay Paris: Infos & Tickets 2023","isPartOf":{"@id":"https:\/\/www.museos.com\/de\/#website"},"primaryImageOfPage":{"@id":"https:\/\/www.museos.com\/de\/blog\/manet-degas-musee-orsay\/#primaryimage"},"image":{"@id":"https:\/\/www.museos.com\/de\/blog\/manet-degas-musee-orsay\/#primaryimage"},"thumbnailUrl":"https:\/\/www.museos.com\/wp-content\/uploads\/2023\/04\/Manet-Degas-Orsay-9.jpg","datePublished":"2023-04-17T13:33:58+00:00","dateModified":"2023-04-17T13:37:47+00:00","description":"Das Mus\u00e9e d\u2018Orsay zeigt bis zum 23. Juli 2023 die beiden K\u00fcnstler in einer interessanten Ausstellung. Was vereint & was unterscheidet sie?","breadcrumb":{"@id":"https:\/\/www.museos.com\/de\/blog\/manet-degas-musee-orsay\/#breadcrumb"},"inLanguage":"de","potentialAction":[{"@type":"ReadAction","target":["https:\/\/www.museos.com\/de\/blog\/manet-degas-musee-orsay\/"]}]},{"@type":"ImageObject","inLanguage":"de","@id":"https:\/\/www.museos.com\/de\/blog\/manet-degas-musee-orsay\/#primaryimage","url":"https:\/\/www.museos.com\/wp-content\/uploads\/2023\/04\/Manet-Degas-Orsay-9.jpg","contentUrl":"https:\/\/www.museos.com\/wp-content\/uploads\/2023\/04\/Manet-Degas-Orsay-9.jpg","width":1400,"height":880,"caption":"Links: \u00c9douard Manet, Le Balcon, 1868-1869, \u00d6l auf Leinwand, 170 \u00d7 125 cm Mus\u00e9e d\u2019Orsay, Paris Rechts: \u00c9douard Manet, Jeanne Duval, Baudelaire's Mistress, Reclining (Lady with a Fan), 1862, \u00d6l auf Leinwand, 90 x 113 cm, Sz\u00e9pm\u0171v\u00e9szeti M\u00fazeum, Budapest"},{"@type":"BreadcrumbList","@id":"https:\/\/www.museos.com\/de\/blog\/manet-degas-musee-orsay\/#breadcrumb","itemListElement":[{"@type":"ListItem","position":1,"name":"Home","item":"https:\/\/www.museos.com\/de\/"},{"@type":"ListItem","position":2,"name":"Mus\u00e9e d'Orsay: Manet \/ Degas"}]},{"@type":"WebSite","@id":"https:\/\/www.museos.com\/de\/#website","url":"https:\/\/www.museos.com\/de\/","name":"museos","description":"Just another WordPress site","publisher":{"@id":"https:\/\/www.museos.com\/de\/#organization"},"potentialAction":[{"@type":"SearchAction","target":{"@type":"EntryPoint","urlTemplate":"https:\/\/www.museos.com\/de\/?s={search_term_string}"},"query-input":{"@type":"PropertyValueSpecification","valueRequired":true,"valueName":"search_term_string"}}],"inLanguage":"de"},{"@type":"Organization","@id":"https:\/\/www.museos.com\/de\/#organization","name":"Museos","url":"https:\/\/www.museos.com\/de\/","logo":{"@type":"ImageObject","inLanguage":"de","@id":"https:\/\/www.museos.com\/de\/#\/schema\/logo\/image\/","url":"https:\/\/www.museos.com\/wp-content\/uploads\/2024\/10\/android-chrome-696x696-1.png","contentUrl":"https:\/\/www.museos.com\/wp-content\/uploads\/2024\/10\/android-chrome-696x696-1.png","width":696,"height":696,"caption":"Museos"},"image":{"@id":"https:\/\/www.museos.com\/de\/#\/schema\/logo\/image\/"}},{"@type":"Person","@id":"https:\/\/www.museos.com\/de\/#\/schema\/person\/530fe27b98e64aaa38a4d008a507ebfb","name":"Jacqueline","image":{"@type":"ImageObject","inLanguage":"de","@id":"https:\/\/www.museos.com\/de\/#\/schema\/person\/image\/","url":"https:\/\/secure.gravatar.com\/avatar\/d03d1f9a4590dd4938661548abcc415183b3432c711cb73cfff02cba9ac035e7?s=96&r=g","contentUrl":"https:\/\/secure.gravatar.com\/avatar\/d03d1f9a4590dd4938661548abcc415183b3432c711cb73cfff02cba9ac035e7?s=96&r=g","caption":"Jacqueline"}}]}},"_links":{"self":[{"href":"https:\/\/www.museos.com\/de\/wp-json\/wp\/v2\/posts\/87606","targetHints":{"allow":["GET"]}}],"collection":[{"href":"https:\/\/www.museos.com\/de\/wp-json\/wp\/v2\/posts"}],"about":[{"href":"https:\/\/www.museos.com\/de\/wp-json\/wp\/v2\/types\/post"}],"author":[{"embeddable":true,"href":"https:\/\/www.museos.com\/de\/wp-json\/wp\/v2\/users\/7"}],"replies":[{"embeddable":true,"href":"https:\/\/www.museos.com\/de\/wp-json\/wp\/v2\/comments?post=87606"}],"version-history":[{"count":0,"href":"https:\/\/www.museos.com\/de\/wp-json\/wp\/v2\/posts\/87606\/revisions"}],"wp:featuredmedia":[{"embeddable":true,"href":"https:\/\/www.museos.com\/de\/wp-json\/wp\/v2\/media\/87558"}],"wp:attachment":[{"href":"https:\/\/www.museos.com\/de\/wp-json\/wp\/v2\/media?parent=87606"}],"wp:term":[{"taxonomy":"category","embeddable":true,"href":"https:\/\/www.museos.com\/de\/wp-json\/wp\/v2\/categories?post=87606"},{"taxonomy":"post_tag","embeddable":true,"href":"https:\/\/www.museos.com\/de\/wp-json\/wp\/v2\/tags?post=87606"}],"curies":[{"name":"wp","href":"https:\/\/api.w.org\/{rel}","templated":true}]}}